{"id":358,"date":"2025-09-18T12:14:49","date_gmt":"2025-09-18T10:14:49","guid":{"rendered":"https:\/\/gtm.umh.es\/?p=358"},"modified":"2025-09-18T12:14:49","modified_gmt":"2025-09-18T10:14:49","slug":"el-alumnado-de-gestion-tecnologia-y-moda-en-el-simposio-arte-y-diseno-en-la-transicion-ecologica","status":"publish","type":"post","link":"https:\/\/gtm.umh.es\/ca\/2025\/09\/18\/el-alumnado-de-gestion-tecnologia-y-moda-en-el-simposio-arte-y-diseno-en-la-transicion-ecologica\/","title":{"rendered":"<span lang=\"es\">(Espa\u00f1ol) El alumnado de Gesti\u00f3n, Tecnolog\u00eda y Moda en el Simposio \u201cArte y Dise\u00f1o en la Transici\u00f3n Ecol\u00f3gica\u201d<\/span>"},"content":{"rendered":"<p class=\"qtranxs-available-languages-message qtranxs-available-languages-message-ca\">Ho sentim, aquesta entrada es troba disponible \u00fanicament en <a href=\"https:\/\/gtm.umh.es\/es\/wp-json\/wp\/v2\/posts\/358\" class=\"qtranxs-available-language-link qtranxs-available-language-link-es\" title=\"Espa\u00f1ol\">Espanyol Europeu<\/a>.<\/p>","protected":false},"excerpt":{"rendered":"<p>Ho sentim, aquesta entrada es troba disponible \u00fanicament en Espanyol Europeu.<\/p>\n","protected":false},"author":1363,"featured_media":0,"comment_status":"closed","ping_status":"open","sticky":false,"template":"","format":"standard","meta":{"_links_to":"","_links_to_target":""},"categories":[65],"tags":[],"_links":{"self":[{"href":"https:\/\/gtm.umh.es\/ca\/wp-json\/wp\/v2\/posts\/358"}],"collection":[{"href":"https:\/\/gtm.umh.es\/ca\/wp-json\/wp\/v2\/posts"}],"about":[{"href":"https:\/\/gtm.umh.es\/ca\/wp-json\/wp\/v2\/types\/post"}],"author":[{"embeddable":true,"href":"https:\/\/gtm.umh.es\/ca\/wp-json\/wp\/v2\/users\/1363"}],"replies":[{"embeddable":true,"href":"https:\/\/gtm.umh.es\/ca\/wp-json\/wp\/v2\/comments?post=358"}],"version-history":[{"count":0,"href":"https:\/\/gtm.umh.es\/ca\/wp-json\/wp\/v2\/posts\/358\/revisions"}],"wp:attachment":[{"href":"https:\/\/gtm.umh.es\/ca\/wp-json\/wp\/v2\/media?parent=358"}],"wp:term":[{"taxonomy":"category","embeddable":true,"href":"https:\/\/gtm.umh.es\/ca\/wp-json\/wp\/v2\/categories?post=358"},{"taxonomy":"post_tag","embeddable":true,"href":"https:\/\/gtm.umh.es\/ca\/wp-json\/wp\/v2\/tags?post=358"}],"curies":[{"name":"wp","href":"https:\/\/api.w.org\/{rel}","templated":true}]}}